{"id":1650,"date":"2017-03-15T15:00:13","date_gmt":"2017-03-15T14:00:13","guid":{"rendered":"https:\/\/www.encyclopedie-des-migrants.eu\/?p=1650"},"modified":"2017-04-11T09:58:45","modified_gmt":"2017-04-11T08:58:45","slug":"remises-officielles-8-villes","status":"publish","type":"post","link":"https:\/\/encyclopedia-of-migrants.eu\/es\/remises-officielles-8-villes\/","title":{"rendered":"Las entregas oficiales en las ocho ciudades"},"content":{"rendered":"<p><strong>Cada una de las ocho ciudades que conforman el proyecto de <em>La Enciclopedia de los Migrantes <\/em>se comprometi\u00f3, a partir de 2015, a adquirir un ejemplar de la versi\u00f3n en papel; era esta la condici\u00f3n <em>sine qua non <\/em>para participar. Los partenaires <\/strong><strong>\u2012<\/strong><strong>asociaciones, municipios e instituciones<\/strong><strong>\u2012<\/strong><strong> son los que en el \u00e1mbito local se encargan de presentar en p\u00fablico <em>La Enciclopedia<\/em> y de darla a conocer con el desarrollo de una din\u00e1mica permanente, gracias a la organizaci\u00f3n de exposiciones, lecturas, debates, proyectos afines y cualquier iniciativa que deseen llevar a la pr\u00e1ctica o apoyar. Las entregas oficiales est\u00e1n programadas para 2017, desde el 4 de marzo, en Rennes, hasta el 28 de junio, en Gibraltar.<\/strong><\/p>\n<h2 style=\"text-align: center;\"><strong>&#8211; Francia &#8211;<br \/>\n<\/strong><\/h2>\n<p><strong>Brest<br \/>\n<\/strong>Entrega oficial: 16 de marzo, 18.00 horas<br \/>\nLugar: Mediateca Fran\u00e7ois-Mitterrand-Les Capucins \u2012 Talleres de Les Capucins, 25 rue de Pontaniou, 29200 Brest<\/p>\n<p>La entrega oficial de<em> La Enciclopedia de los Migrantes <\/em>estar\u00e1 precedida de la intervenci\u00f3n de Fran\u00e7ois Cuillandre, alcalde de Brest, y de la de Paloma Fern\u00e1ndez Sobrino, creadora y directora art\u00edstica del proyecto <em>La Enciclopedia de los migrantes<\/em>, coordinado por L\u2019\u00e2ge de la tortue. Est\u00e1 en proceso la elaboraci\u00f3n de un programa de animaci\u00f3n cultural, tanto para el espacio de Les Capucins como para toda la ciudad de Brest.<\/p>\n<p><strong>Rennes<br \/>\nEntrega oficial<\/strong>: 4 de marzo de 2017, 11.30 horas<br \/>\n<strong>Lugar:<\/strong> Le Triangle, ciudad de la danza, boulevard de Yougoslavie, 35000 Rennes<br \/>\n<strong>Marat\u00f3n de lectura<\/strong>: del 4 de marzo (18.00 horas) al 5 de marzo de 2017 (18.00 horas)<br \/>\n<strong>Lugar:<\/strong> H\u00f4tel Pasteur, 2 place Pasteur, 35000 Rennes<\/p>\n<p>La entrega oficial est\u00e1 organizada para el s\u00e1bado 4 de marzo a las 11.30 horas, en el centro cultural Le Triangle. En esta ceremonia p\u00fablica, abierta a todos, el equipo del proyecto (compuesto, entre otros, de artistas, migrantes, militantes de asociaciones e investigadores en ciencias humanas y sociales) entregar\u00e1 un ejemplar a Nathalie App\u00e9r\u00e9, alcaldesa de Rennes. Este ejemplar de <em>La Enciclopedia <\/em>se trasladar\u00e1 a continuaci\u00f3n a la biblioteca de Les Champs Libres, en la que se conservar\u00e1 y donde el p\u00fablico podr\u00e1 acceder a ella.<\/p>\n<p>Despu\u00e9s, se ha organizado un marat\u00f3n de lectura en el H\u00f4tel Pasteur desde el s\u00e1bado 4 de marzo (18.00 horas) hasta el domingo 5 de marzo de 2017 (18.00 horas). El objetivo de esta actividad es ofrecer la lectura completa de los 400 testimonios, de forma continuada, por parte de un centenar de lectores voluntarios. El H\u00f4tel Pasteur estar\u00e1 accesible al p\u00fablico durante 24 horas. Un acto gratuito, abierto a todos.<\/p>\n<p><strong>Nantes<br \/>\nEntrega oficial y lectura p\u00fablica<\/strong>: 6 de abril de 2017<br \/>\n<strong>Lugar:<\/strong> Ayuntamiento, rue de la Commune, 44000 Nantes<\/p>\n<p>En presencia de los autores y de los partenaires del proyecto, la ciudad de Nantes ser\u00e1 testigo de la entrega de su ejemplar de <em>La Enciclopedia de los Migrantes<\/em>.<\/p>\n<p>A la entrega de la obra seguir\u00e1 la lectura de una selecci\u00f3n de cartas por los propios autores. El encuentro culminar\u00e1 en un ambiente festivo.<\/p>\n<p>&nbsp;<\/p>\n<h2 style=\"text-align: center;\"><strong>&#8211; Espa\u00f1a &#8211;<br \/>\n<\/strong><\/h2>\n<p><strong>Gij\u00f3n<br \/>\nEntrega oficial y encuentros culturales<\/strong>: 8 de mayo de 2017<br \/>\n<strong>Lugar:<\/strong> Ayuntamiento, Plaza Mayor 1, 33201 Gij\u00f3n<\/p>\n<p>Tras la presentaci\u00f3n oficial de los tres vol\u00famenes de <em>La Enciclopedia de los Migrantes <\/em>a las autoridades municipales y los medios de comunicaci\u00f3n, se celebrar\u00e1 una recepci\u00f3n en presencia de migrantes que han prestado testimonio en la enciclopedia y se leer\u00e1 una selecci\u00f3n de cartas. Esta presentaci\u00f3n p\u00fablica ir\u00e1 seguida de diversos actos culturales en el marco de la European Week de Gij\u00f3n hasta el 12 de mayo, entre los que se incluyen talleres de fotograf\u00eda con Laura Rodr\u00edguez y Lluc Queralt, dos fot\u00f3grafos que han participado en el proyecto, en el museo Barjola de Gij\u00f3n (el 9 y el 10 de mayo de 2017), as\u00ed como la ceremonia de entrega de <em>La Enciclopedia<\/em> en el Museo del Pueblo de Asturias (el 12 de mayo de 2017), que quedar\u00e1 a cargo de su conservaci\u00f3n y difusi\u00f3n.<\/p>\n<p><strong>\u00a0<\/strong><\/p>\n<p><strong>C\u00e1diz<br \/>\nEntrega oficial:<\/strong> 20 de marzo de 2017<br \/>\n<strong>Lugar:<\/strong> Ayuntamiento de C\u00e1diz, Plaza de San Juan de Dios S\/N, 11005 C\u00e1diz<\/p>\n<p>Con ocasi\u00f3n del D\u00eda Internacional de la Eliminaci\u00f3n de la Discriminaci\u00f3n Racial, se presentar\u00e1 <em>La Enciclopedia<\/em> a los ciudadanos, las organizaciones sociales y los agentes culturales e institucionales en un acto p\u00fablico. Contar\u00e1 con la participaci\u00f3n del alcalde de C\u00e1diz y representantes de los migrantes de la ciudad que han colaborado en el proyecto con su testimonio, as\u00ed como de la Asociaci\u00f3n Pro Derechos Humanos de Andaluc\u00eda (APDHA), que ha actuado como coordinadora local. Despu\u00e9s de esta presentaci\u00f3n tendr\u00e1 lugar la lectura de una selecci\u00f3n de cartas de <em>La Enciclopedia<\/em> y un homenaje a la contribuci\u00f3n de la comunidad de los migrantes a la ciudad de C\u00e1diz. El primer a\u00f1o, <em>La Enciclopedia <\/em>se conservar\u00e1 en el ECCO (Espacio de Creaci\u00f3n Contemporanea de C\u00e1diz) y, posteriormente, se depositar\u00e1 en la biblioteca municipal Jos\u00e9 Celestino Mutis.<\/p>\n<p>&nbsp;<\/p>\n<p>&nbsp;<\/p>\n<h2 style=\"text-align: center;\"><strong>&#8211; Portugal &#8211;<br \/>\n<\/strong><\/h2>\n<p><strong>Oporto<br \/>\nEntrega oficial<\/strong>: 18 de mayo de 2017<br \/>\n<strong>Lugar:<\/strong> Biblioteca Municipal Almeida Garrett, R. de Entre-Quintas 268, 4050-344 Oporto<\/p>\n<p>La entrega oficial adoptar\u00e1 la forma de una sesi\u00f3n informativa p\u00fablica de las propuestas de estudiantes, que supondr\u00e1 la continuaci\u00f3n de diversos debates sobre el tema de las migraciones y la mejora de la gesti\u00f3n intercultural en los colegios a partir de <em>La Enciclopedia<\/em>, en el contexto de las Human Libraries. El acto se celebrar\u00e1 en presencia de estudiantes, el alcalde de Oporto, su responsable de cultura y el equipo de Associa\u00e7\u00e3o Solidariedade Internacional (ASI).<\/p>\n<p>&nbsp;<\/p>\n<p><strong>Lisboa<br \/>\nEntrega oficia<\/strong>l: 30 de mayo de 2017<br \/>\n<strong>Lugar:<\/strong> Ayuntamiento de Lisboa (Sala dos Arquivos, Pa\u00e7os do Concelho), Pra\u00e7a do Municip\u00edo, 1100-365 Lisboa<\/p>\n<p>Mesa redonda y lecturas de cartas en Renovar a Mouraria, Mouradia-Casa comunit\u00e1ria da Mouraria, Beco do Rosendo n \u00ba8-10, 1100-460 Lisboa.<\/p>\n<p><em>La Enciclopedia <\/em>se entregar\u00e1 al alcalde de Lisboa. Habr\u00e1 una mesa redonda y una presentaci\u00f3n de la experiencia desarrollada en Lisboa durante el Foro Intercultural de la ciudad, as\u00ed como una lectura de cartas en la asociaci\u00f3n Renovar a Mouraria.<\/p>\n<p>&nbsp;<\/p>\n<h2 style=\"text-align: center;\"><strong>&#8211; Gibraltar &#8211;<br \/>\n<\/strong><\/h2>\n<p style=\"text-align: left;\"><strong>Entrega oficial<\/strong>: 28 de junio de 2017<br \/>\n<strong>Lugar:<\/strong> Mario Finlayson National Art Gallery, City Hall, John Mackintosh Square, Gibraltar, GX11 1AA<\/p>\n<p><em>La Enciclopedia <\/em>se presentar\u00e1 oficialmente en Gibraltar en presencia de las autoridades locales, participantes gibraltare\u00f1os en el proyecto, el equipo europeo y personas del p\u00fablico general. Se entregar\u00e1 <em>La Enciclopedia <\/em>al alcalde de Gibraltar y a los miembros del Parlamento de Gibraltar, a lo que seguir\u00e1 una recepci\u00f3n. <em>La Enciclopedia <\/em>se conservar\u00e1 en la Mario Finlayson National Art Gallery, en el City Hall, y ser\u00e1 accesible al p\u00fablico. El seminario de conclusi\u00f3n de <em>La Enciclopedia <\/em>se desarrollar\u00e1 tras la presentaci\u00f3n, con la presencia de miembros de las 8 ciudades participantes en el proyecto y de la asociaci\u00f3n L\u2019\u00e2ge de la tortue, coordinadora del proyecto.<\/p>\n","protected":false},"excerpt":{"rendered":"<p>Cada una de las ocho ciudades que conforman el proyecto de La Enciclopedia de los Migrantes se comprometi\u00f3, a partir de 2015, a adquirir un ejemplar de la versi\u00f3n en papel; era esta la condici\u00f3n sine qua non para participar. Los partenaires \u2012asociaciones, municipios e instituciones\u2012 son los que en el \u00e1mbito local se encargan&#8230;  <a class=\"excerpt-read-more\" href=\"https:\/\/encyclopedia-of-migrants.eu\/es\/remises-officielles-8-villes\/\" title=\"LeerLas entregas oficiales en las ocho ciudades\">Leer m\u00e1s &raquo;<\/a><\/p>\n","protected":false},"author":4,"featured_media":1656,"comment_status":"open","ping_status":"open","sticky":false,"template":"","format":"standard","meta":{"footnotes":""},"categories":[23],"tags":[],"translation":{"provider":"WPGlobus","version":"2.12.2","language":"es","enabled_languages":["fr","es","pt","en"],"languages":{"fr":{"title":true,"content":true,"excerpt":false},"es":{"title":true,"content":true,"excerpt":false},"pt":{"title":true,"content":true,"excerpt":false},"en":{"title":true,"content":true,"excerpt":false}}},"acf":[],"_links":{"self":[{"href":"https:\/\/encyclopedia-of-migrants.eu\/es\/wp-json\/wp\/v2\/posts\/1650"}],"collection":[{"href":"https:\/\/encyclopedia-of-migrants.eu\/es\/wp-json\/wp\/v2\/posts"}],"about":[{"href":"https:\/\/encyclopedia-of-migrants.eu\/es\/wp-json\/wp\/v2\/types\/post"}],"author":[{"embeddable":true,"href":"https:\/\/encyclopedia-of-migrants.eu\/es\/wp-json\/wp\/v2\/users\/4"}],"replies":[{"embeddable":true,"href":"https:\/\/encyclopedia-of-migrants.eu\/es\/wp-json\/wp\/v2\/comments?post=1650"}],"version-history":[{"count":0,"href":"https:\/\/encyclopedia-of-migrants.eu\/es\/wp-json\/wp\/v2\/posts\/1650\/revisions"}],"wp:featuredmedia":[{"embeddable":true,"href":"https:\/\/encyclopedia-of-migrants.eu\/es\/wp-json\/wp\/v2\/media\/1656"}],"wp:attachment":[{"href":"https:\/\/encyclopedia-of-migrants.eu\/es\/wp-json\/wp\/v2\/media?parent=1650"}],"wp:term":[{"taxonomy":"category","embeddable":true,"href":"https:\/\/encyclopedia-of-migrants.eu\/es\/wp-json\/wp\/v2\/categories?post=1650"},{"taxonomy":"post_tag","embeddable":true,"href":"https:\/\/encyclopedia-of-migrants.eu\/es\/wp-json\/wp\/v2\/tags?post=1650"}],"curies":[{"name":"wp","href":"https:\/\/api.w.org\/{rel}","templated":true}]}}