{"id":1650,"date":"2017-03-15T15:00:13","date_gmt":"2017-03-15T14:00:13","guid":{"rendered":"https:\/\/www.encyclopedie-des-migrants.eu\/?p=1650"},"modified":"2017-04-11T09:58:45","modified_gmt":"2017-04-11T08:58:45","slug":"remises-officielles-8-villes","status":"publish","type":"post","link":"https:\/\/encyclopedia-of-migrants.eu\/en\/remises-officielles-8-villes\/","title":{"rendered":"The official handover ceremonies in the eight cities"},"content":{"rendered":"<p><strong>Starting in 2015, the eight cities which have supported <em>The<\/em> <em>Encyclopedia of Migrants<\/em> project all committed to acquiring a copy of the paper version, which was the only absolute condition for localities wanting taking part. Partners such as third-sector organisations, municipal authorities and institutions took responsibility on a local level for publically presenting the <em>Encyclopedia<\/em> and increasing awareness of it by developing a long-term dynamic in the form of exhibitions, readings, debates, associated projects and any other initiatives they may wish to implement or support. The official handover ceremonies are scheduled from 4 March 2017 (in Rennes) to 28 June 2017 (Gibraltar).<\/strong><\/p>\n<h2 style=\"text-align: center;\"><strong>&#8211; France &#8211;<br \/>\n<\/strong><\/h2>\n<p><strong>Brest<br \/>\nOfficial handover\u00a0ceremony<\/strong>: 16<sup>th<\/sup> March at 6pm<br \/>\n<strong>Location:<\/strong> M\u00e9diath\u00e8que Fran\u00e7ois-Mitterrand-Les Capucins \u2012 Ateliers des Capucins, 25 rue de Pontaniou, 29200 Brest<\/p>\n<p>The official handover ceremony for <em>The Encyclopedia of Migrants <\/em>will be preceded by a speech by Fran\u00e7ois Cuillandre, Mayor of Brest, and Paloma Fern\u00e1ndez Sobrino, the designer and director of the <em>Encyclopedia of Migrants <\/em>project coordinated by L\u2019\u00e2ge de la Tortue. A schedule of cultural events is currently being organised at the Capucins site and throughout the city of Brest.<\/p>\n<p><strong>Rennes<br \/>\nOfficial\u00a0handover ceremony:<\/strong> 4 March 2017 at 11.30am<br \/>\n<strong>Location:<\/strong> Le Triangle, cit\u00e9 de la danse, boulevard de Yougoslavie, 35000 Rennes<br \/>\n<strong>Reading marathon<\/strong>: from 4 March (6pm) to 5 March 2017 (6pm)<br \/>\n<strong>Location:<\/strong> H\u00f4tel Pasteur, 2 place Pasteur, 35000 Rennes<\/p>\n<p>The official handover ceremony has been organised for Saturday 4<sup>th<\/sup> March at 11.30am at the Le Triangle cultural centre. This public ceremony is open to anyone and everyone, and it will involve the project team (artists, migrants, third-sector activists, social scientists and so on) handing over a copy to Nathalie App\u00e9r\u00e9, Mayor of Rennes. This <em>Encyclopedia<\/em> will then move to the Les Champs Libres library, where it will be kept and made available to the public.<\/p>\n<p>A marathon reading session will then take place at L\u2019H\u00f4tel Pasteur from Saturday 4 March (6pm) to Sunday 5 March 2017 (6pm). This performance aims to provide a comprehensive, continuous reading of all 400 stories by a group of 100 volunteer readers. L\u2019H\u00f4tel Pasteur will be open to the public for 24 hours and the event is free and open to all.<\/p>\n<p><strong>Nantes<br \/>\nOfficial handover\u00a0ceremony and public reading<\/strong>: 6 April 2017<br \/>\n<strong>Location:<\/strong> H\u00f4tel de ville, rue de la Commune, 44000 Nantes<\/p>\n<p>The city of Nantes will receive its copy of <em>The<\/em> <em>Encyclopedia of Migrants<\/em> in front of an audience that will include the project\u2019s authors and partners.<\/p>\n<p>The official handover ceremony will be followed by a reading of a selection of letters by the writers themselves. A celebration is organised for after the event.<\/p>\n<p>&nbsp;<\/p>\n<h2 style=\"text-align: center;\"><strong>&#8211; Spain &#8211;<br \/>\n<\/strong><\/h2>\n<p><strong>Gij\u00f3n<br \/>\nOfficial handover ceremony and cultural\u00a0events<\/strong>: 8 May 2017<br \/>\n<strong>Location:<\/strong> Town Hall, Plaza Mayor 1, 33201 Gij\u00f3n<\/p>\n<p>The three volumes of <em>The Encyclopedia of Migrants<\/em> will be officially presented to the local authority and media in a ceremony followed by a reception for migrants who wrote their piece for the project and a public reading of selected letters. This public presentation will lead into a series of cultural events held as part of Gij\u00f3n\u2019s European Week up until 12<sup>th<\/sup> May, including photography workshops with two of the project\u2019s own photographers, Laura Rodr\u00edguez and Lluc Queralt, at Barjola de Gij\u00f3n museum on 9 and 10 May 2017. There will also be a handover ceremony for the <em>Encyclopedia<\/em> on 12 May 2017 at the Museum of the People of Asturias, which will be responsible for keeping it and passing on its contents.<\/p>\n<p><strong>\u00a0<\/strong><\/p>\n<p><strong>Cadiz<br \/>\nOfficial\u00a0handover ceremony<\/strong>: 20 March 2017<br \/>\n<strong>Location<\/strong>: Cadiz Town Hall, Plaza de San Juan de Dios S\/N, 11005 Cadix<\/p>\n<p>To mark the International Day for the Elimination of Racial Discrimination, the <em>Encyclopedia<\/em> will be presented to citizens, social organisations and cultural and institutional bodies at a public event. Participants include the Mayor of Cadiz and representatives of the city\u2019s migrants who contributed their stories to the project, as well as the Asociaci\u00f3n Pro Derechos Humanos de Andaluc\u00eda (APDHA), which acted as local coordinator. The presentation will be followed by a reading of a selection of letters in the <em>Encyclopedia <\/em>and a tribute to the contribution made by the migrant community to the city of Cadiz. For its first year, the <em>Encyclopedia <\/em>will be kept at ECCO, before moving to its long-term home in the Jos\u00e9 Celestino Mutis municipal library.<\/p>\n<h2 style=\"text-align: center;\"><strong>&#8211; Portugal &#8211;<br \/>\n<\/strong><\/h2>\n<p><strong>Porto<br \/>\nOfficial\u00a0handover ceremony:<\/strong> 18 May 2017<br \/>\n<strong>Location:<\/strong> Almeida Garrett municipal library, R. de Entre-Quintas 268, 4050-344 Porto<\/p>\n<p>The official handover ceremony will involve a public enouncement of suggestions made by students following on from debates based around the <em>Encyclopedia<\/em> about migration and improving intercultural management in schools (the context to which was the Human Library project). The event will take place with an audience that includes students, the Mayor of Porto and the city\u2019s officer for culture, as well as the team at the Associa\u00e7ao Solidariedade Internacional (ASI).<\/p>\n<p>&nbsp;<\/p>\n<p><strong>Lisbon<br \/>\nOfficial\u00a0handover ceremony<\/strong>: 30th of May 2017<br \/>\n<strong>Location<\/strong>: Lisbon Town Hall (Sala dos Arquivos, Pa\u00e7os do Concelho), Pra\u00e7a do Municip\u00edo, 1100-365 Lisboa<\/p>\n<p>A roundtable and letter-reading session at Renovar a Mouraria, Mouradia-Casa comunitaria da Mouraria, Beco do Rosendo n \u00ba8-10, 1100-460 Lisboa<\/p>\n<p>The <em>Encyclopedia<\/em> will be handed over to the Mayor of Lisbon. There will be a roundtable debate and a presentation of what happened in Lisbon during the city\u2019s intercultural forum, as well as a letter-reading session at the Renovar a Mouraria association.<\/p>\n<p>&nbsp;<\/p>\n<h2 style=\"text-align: center;\"><strong>&#8211; Gibraltar &#8211;<br \/>\n<\/strong><\/h2>\n<p><strong>Official handover ceremony<\/strong>: 28 June 2017<br \/>\n<strong>Location:<\/strong> Mario Finlayson National Art Gallery, City Hall, John Mackintosh Square, Gibraltar, GX11 1AA<\/p>\n<p>The <em>Encyclopedia <\/em>will be officially presented in Gibraltar to an audience of local dignitaries, Gibraltarian project participants, the European team and members of the public. It will be handed over to the Mayor of Gibraltar and members of the Gibraltarian Parliament. A reception will then take place. The <em>Encyclopedia<\/em> will be kept at the Mario Finlayson National Art Gallery in City Hall and it will be accessible to the public. The <em>Encyclopedia<\/em>\u2019s concluding seminar will take place after the presentation, with members of the eight cities\u2019 project teams and the L\u2019\u00e2ge de la Tortue association that coordinated the project.<\/p>\n","protected":false},"excerpt":{"rendered":"<p>Starting in 2015, the eight cities which have supported The Encyclopedia of Migrants project all committed to acquiring a copy of the paper version, which was the only absolute condition for localities wanting taking part. Partners such as third-sector organisations, municipal authorities and institutions took responsibility on a local level for publically presenting the Encyclopedia&#8230;  <a class=\"excerpt-read-more\" href=\"https:\/\/encyclopedia-of-migrants.eu\/en\/remises-officielles-8-villes\/\" title=\"Read The official handover ceremonies in the eight cities\">Read more &raquo;<\/a><\/p>\n","protected":false},"author":4,"featured_media":1656,"comment_status":"open","ping_status":"open","sticky":false,"template":"","format":"standard","meta":{"footnotes":""},"categories":[23],"tags":[],"translation":{"provider":"WPGlobus","version":"2.12.2","language":"en","enabled_languages":["fr","es","pt","en"],"languages":{"fr":{"title":true,"content":true,"excerpt":false},"es":{"title":true,"content":true,"excerpt":false},"pt":{"title":true,"content":true,"excerpt":false},"en":{"title":true,"content":true,"excerpt":false}}},"acf":[],"_links":{"self":[{"href":"https:\/\/encyclopedia-of-migrants.eu\/en\/wp-json\/wp\/v2\/posts\/1650"}],"collection":[{"href":"https:\/\/encyclopedia-of-migrants.eu\/en\/wp-json\/wp\/v2\/posts"}],"about":[{"href":"https:\/\/encyclopedia-of-migrants.eu\/en\/wp-json\/wp\/v2\/types\/post"}],"author":[{"embeddable":true,"href":"https:\/\/encyclopedia-of-migrants.eu\/en\/wp-json\/wp\/v2\/users\/4"}],"replies":[{"embeddable":true,"href":"https:\/\/encyclopedia-of-migrants.eu\/en\/wp-json\/wp\/v2\/comments?post=1650"}],"version-history":[{"count":0,"href":"https:\/\/encyclopedia-of-migrants.eu\/en\/wp-json\/wp\/v2\/posts\/1650\/revisions"}],"wp:featuredmedia":[{"embeddable":true,"href":"https:\/\/encyclopedia-of-migrants.eu\/en\/wp-json\/wp\/v2\/media\/1656"}],"wp:attachment":[{"href":"https:\/\/encyclopedia-of-migrants.eu\/en\/wp-json\/wp\/v2\/media?parent=1650"}],"wp:term":[{"taxonomy":"category","embeddable":true,"href":"https:\/\/encyclopedia-of-migrants.eu\/en\/wp-json\/wp\/v2\/categories?post=1650"},{"taxonomy":"post_tag","embeddable":true,"href":"https:\/\/encyclopedia-of-migrants.eu\/en\/wp-json\/wp\/v2\/tags?post=1650"}],"curies":[{"name":"wp","href":"https:\/\/api.w.org\/{rel}","templated":true}]}}